{"id":218,"date":"2025-04-08T00:00:00","date_gmt":"2025-04-07T23:00:00","guid":{"rendered":"https:\/\/hallo-venray.nl\/hoe-mode-de-mentale-gezondheid-kan-bevorderen-in-voorjaar-2025\/"},"modified":"2025-04-08T00:00:00","modified_gmt":"2025-04-07T23:00:00","slug":"hoe-mode-de-mentale-gezondheid-kan-bevorderen-in-voorjaar-2025","status":"publish","type":"post","link":"https:\/\/hallo-venray.nl\/ro\/hoe-mode-de-mentale-gezondheid-kan-bevorderen-in-voorjaar-2025\/","title":{"rendered":"Cum poate moda s\u0103 \u00eembun\u0103t\u0103\u021beasc\u0103 s\u0103n\u0103tatea mintal\u0103 \u00een prim\u0103vara anului 2025"},"content":{"rendered":"<div class=\"kk-star-ratings kksr-auto kksr-align-left kksr-valign-top\"\n    data-payload='{&quot;align&quot;:&quot;left&quot;,&quot;id&quot;:&quot;218&quot;,&quot;slug&quot;:&quot;default&quot;,&quot;valign&quot;:&quot;top&quot;,&quot;ignore&quot;:&quot;&quot;,&quot;reference&quot;:&quot;auto&quot;,&quot;class&quot;:&quot;&quot;,&quot;count&quot;:&quot;0&quot;,&quot;legendonly&quot;:&quot;&quot;,&quot;readonly&quot;:&quot;&quot;,&quot;score&quot;:&quot;0&quot;,&quot;starsonly&quot;:&quot;&quot;,&quot;best&quot;:&quot;5&quot;,&quot;gap&quot;:&quot;5&quot;,&quot;greet&quot;:&quot;Rate this post&quot;,&quot;legend&quot;:&quot;0\\\/5 - (0 votes)&quot;,&quot;size&quot;:&quot;24&quot;,&quot;title&quot;:&quot;Hoe mode de mentale gezondheid kan bevorderen in voorjaar 2025&quot;,&quot;width&quot;:&quot;0&quot;,&quot;_legend&quot;:&quot;{score}\\\/{best} - ({count} {votes})&quot;,&quot;font_factor&quot;:&quot;1.25&quot;}'>\n            \n<div class=\"kksr-stars\">\n    \n<div class=\"kksr-stars-inactive\">\n            <div class=\"kksr-star\" data-star=\"1\" style=\"padding-right: 5px\">\n            \n\n<div class=\"kksr-icon\" style=\"width: 24px; height: 24px;\"><\/div>\n        <\/div>\n            <div class=\"kksr-star\" data-star=\"2\" style=\"padding-right: 5px\">\n            \n\n<div class=\"kksr-icon\" style=\"width: 24px; height: 24px;\"><\/div>\n        <\/div>\n            <div class=\"kksr-star\" data-star=\"3\" style=\"padding-right: 5px\">\n            \n\n<div class=\"kksr-icon\" style=\"width: 24px; height: 24px;\"><\/div>\n        <\/div>\n            <div class=\"kksr-star\" data-star=\"4\" style=\"padding-right: 5px\">\n            \n\n<div class=\"kksr-icon\" style=\"width: 24px; height: 24px;\"><\/div>\n        <\/div>\n            <div class=\"kksr-star\" data-star=\"5\" style=\"padding-right: 5px\">\n            \n\n<div class=\"kksr-icon\" style=\"width: 24px; height: 24px;\"><\/div>\n        <\/div>\n    <\/div>\n    \n<div class=\"kksr-stars-active\" style=\"width: 0px;\">\n            <div class=\"kksr-star\" style=\"padding-right: 5px\">\n            \n\n<div class=\"kksr-icon\" style=\"width: 24px; height: 24px;\"><\/div>\n        <\/div>\n            <div class=\"kksr-star\" style=\"padding-right: 5px\">\n            \n\n<div class=\"kksr-icon\" style=\"width: 24px; height: 24px;\"><\/div>\n        <\/div>\n            <div class=\"kksr-star\" style=\"padding-right: 5px\">\n            \n\n<div class=\"kksr-icon\" style=\"width: 24px; height: 24px;\"><\/div>\n        <\/div>\n            <div class=\"kksr-star\" style=\"padding-right: 5px\">\n            \n\n<div class=\"kksr-icon\" style=\"width: 24px; height: 24px;\"><\/div>\n        <\/div>\n            <div class=\"kksr-star\" style=\"padding-right: 5px\">\n            \n\n<div class=\"kksr-icon\" style=\"width: 24px; height: 24px;\"><\/div>\n        <\/div>\n    <\/div>\n<\/div>\n                \n\n<div class=\"kksr-legend\" style=\"font-size: 19.2px;\">\n            <span class=\"kksr-muted\">Evalueaz\u0103 aceast\u0103 postare<\/span>\n    <\/div>\n    <\/div>\n<p>\u00centr-o lume \u00een care s\u0103n\u0103tatea mintal\u0103 devine din ce \u00een ce mai important\u0103, moda poate juca un rol surprinz\u0103tor. Moda nu este doar o modalitate de a te exprima, ci poate avea \u0219i un impact semnificativ asupra st\u0103rii de spirit \u0219i a \u00eencrederii tale. Pe m\u0103sur\u0103 ce anotimpurile se schimb\u0103 \u0219i se apropie prim\u0103vara anului 2025, explor\u0103m modul \u00een care alegerile pe care le facem \u00een garderoba noastr\u0103 nu numai c\u0103 ne afecteaz\u0103 aspectul exterior, ci \u0219i bun\u0103starea interioar\u0103. Este adev\u0103rat; ceea ce por\u021bi poate influen\u021ba cu adev\u0103rat modul \u00een care te sim\u021bi. Aceast\u0103 dinamic\u0103 interesant\u0103 dintre mod\u0103 \u0219i s\u0103n\u0103tatea mintal\u0103 prezint\u0103 o oportunitate de a ne consolida imaginea de sine \u0219i de a ne \u00eembun\u0103t\u0103\u021bi bun\u0103starea.<\/p>\n<p>\u00cen acest articol, vom explora nu doar impactul direct al modei asupra stimei noastre de sine, ci \u0219i efectele sociale \u0219i psihologice mai ample pe care le aduce. Un aspect important este c\u0103 \u00eembr\u0103c\u0103mintea potrivit\u0103 nu numai c\u0103 ne ofer\u0103 pl\u0103cere estetic\u0103, ci ne ajut\u0103 \u0219i s\u0103 cre\u0103m conexiuni cu ceilal\u021bi. \u00cencet, dar sigur, moda a evoluat de la o simpl\u0103 expresie a stilului la un instrument puternic pentru autodescoperire \u0219i bun\u0103stare emo\u021bional\u0103. Aceast\u0103 leg\u0103tur\u0103 dintre mod\u0103 \u0219i s\u0103n\u0103tatea mintal\u0103 ne va ghida prin temele pe care le vom discuta \u00een acest articol.<\/p>\n<h2>Impactul modei asupra \u00eencrederii \u00een sine<\/h2>\n<p><img decoding=\"async\" alt=\"Een jonge vrouw met een bruin jack staat in een drukke straat vol graffiti en winkels.\" src=\"https:\/\/hallo-venray.nl\/wp-content\/uploads\/2025\/04\/image7c3bb713183a40deab6b1fc2e955aa43.png\"\/><\/p>\n<p>Moda joac\u0103 un rol crucial \u00een dezvoltarea \u00eencrederii \u00een sine. Nu este neobi\u0219nuit ca cineva s\u0103 se simt\u0103 mai bine atunci c\u00e2nd este \u00eembr\u0103cat \u00eentr-o \u021binut\u0103 care \u00eei place. \u00cembr\u0103c\u0103mintea poate ajuta la formarea unei imagini de sine mai pozitive. \u00cencrederea \u00een sine este adesea str\u00e2ns legat\u0103 de modul \u00een care ne prezent\u0103m lumii exterioare. O \u021binut\u0103 frumoas\u0103 ne poate oferi un impuls care ne beneficiaz\u0103 s\u0103n\u0103tatea mintal\u0103. Acest lucru poate fi sporit \u00een special de tendin\u021bele modei care ofer\u0103 articole potrivite \u0219i la mod\u0103.<\/p>\n<ul>\n<li>\u00cencrederea \u00een sine poate cre\u0219te prin alegerea potrivit\u0103 a hainelor.<\/li>\n<li>\u00cembr\u0103c\u0103mintea ne influen\u021beaz\u0103 atitudinea \u0219i comportamentul \u00een situa\u021bii sociale.<\/li>\n<li>Tendin\u021bele modei pot inspira noi alegeri de stil care \u00eembun\u0103t\u0103\u021besc starea de spirit.<\/li>\n<\/ul>\n<p>\u00cembr\u0103c\u0103mintea poate influen\u021ba semnificativ starea de spirit a unei persoane. Alegerea culorilor \u0219i a stilurilor care te atrag poate duce la un sentiment mai pozitiv. Concentrarea asupra efectelor psihologice ale culorilor este o parte important\u0103 a acestei alegeri. Culorile au un efect dovedit asupra emo\u021biilor noastre: albastrul evoc\u0103 adesea sentimente de calm, \u00een timp ce galbenul poate radia energie \u0219i bucurie. Este fascinant s\u0103 vezi cum oamenii \u00ee\u0219i aleg hainele \u00een func\u021bie de starea de spirit pe care doresc s\u0103 o radieze sau s\u0103 o experimenteze.<\/p>\n<table border=\"1\">\n<tr>\n<th>Culoare<\/th>\n<th>Emo\u0163ie<\/th>\n<\/tr>\n<tr>\n<td>Albastru<\/td>\n<td>Odihn\u0103<\/td>\n<\/tr>\n<tr>\n<td>Galben<\/td>\n<td>Bucurie<\/td>\n<\/tr>\n<tr>\n<td>Ro\u015fu<\/td>\n<td>Pasiune<\/td>\n<\/tr>\n<tr>\n<td>Verde<\/td>\n<td>Echilibru<\/td>\n<\/tr>\n<\/table>\n<h2>Rolul sustenabilit\u0103\u021bii \u00een mod\u0103<\/h2>\n<p><img decoding=\"async\" alt=\"Een vrouw in een caf\u00e9, lachend en met een casual outfit, terwijl ze ontspannen aan een tafel zit.\" src=\"https:\/\/hallo-venray.nl\/wp-content\/uploads\/2025\/04\/image8e9ae3f45bed4267af6acc4bc4a71857.png\"\/><\/p>\n<p>Moda sustenabil\u0103 c\u00e2\u0219tig\u0103 teren \u0219i are un impact nu doar asupra planetei, ci \u0219i asupra bun\u0103st\u0103rii noastre. Sustenabilitatea este o tem\u0103 major\u0103 \u00een prim\u0103vara anului 2025, \u0219i pe bun\u0103 dreptate. Consumatorii devin mai con\u0219tien\u021bi de alegerile lor, iar ascensiunea m\u0103rcilor sustenabile nu numai c\u0103 ofer\u0103 o alternativ\u0103, dar consolideaz\u0103 \u0219i sentimentul de responsabilitate. Atunci c\u00e2nd oamenii aleg m\u0103rci ecologice, adesea se simt bine \u00een leg\u0103tur\u0103 cu contribu\u021bia lor la o lume mai bun\u0103. Acest sentiment are, la r\u00e2ndul s\u0103u, un efect pozitiv asupra s\u0103n\u0103t\u0103\u021bii lor mintale.<\/p>\n<p>Procesul de cump\u0103r\u0103turi responsabile poate oferi un sentiment de control \u0219i satisfac\u021bie. Pentru mul\u021bi oameni, cump\u0103rarea de haine este o experien\u021b\u0103 emo\u021bional\u0103, iar alegerea sustenabilit\u0103\u021bii poate \u00eembog\u0103\u021bi aceast\u0103 experien\u021b\u0103. Conectarea cu branduri care respect\u0103 p\u0103m\u00e2ntul \u0219i locuitorii s\u0103i ofer\u0103 un nivel suplimentar de semnifica\u021bie. Oamenii se simt mai pu\u021bin concentra\u021bi pe c\u00e2\u0219tigul material \u0219i mai mult pe impactul global. Acest lucru poate \u00eembun\u0103t\u0103\u021bi s\u0103n\u0103tatea mintal\u0103 printr-un sentiment de satisfac\u021bie \u0219i responsabilitate \u00een alegerile lor de cump\u0103rare.<\/p>\n<ul>\n<li>Moda sustenabil\u0103 \u00eencurajeaz\u0103 consumatorii s\u0103 aleag\u0103 calitatea \u00een detrimentul cantit\u0103\u021bii.<\/li>\n<li>Cump\u0103r\u0103turile devin o modalitate de a contribui la lume.<\/li>\n<li>Con\u0219tientizarea impactului alegerilor vestimentare poate duce la o stare de spirit \u00eembun\u0103t\u0103\u021bit\u0103.<\/li>\n<\/ul>\n<h2>Conexiuni sociale \u0219i mod\u0103<\/h2>\n<p>Moda nu contribuie doar la identitatea individual\u0103, ci \u0219i la conexiunile sociale. De exemplu, prin \u00eemp\u0103rt\u0103\u0219irea de sfaturi despre mod\u0103 sau participarea la discu\u021bii despre mod\u0103, oamenii se pot influen\u021ba reciproc \u0219i \u00ee\u0219i pot influen\u021ba cercul de prieteni. Aceste interac\u021biuni sociale sunt cruciale pentru bun\u0103starea noastr\u0103, deoarece \u00eencurajeaz\u0103 sentimentele de conexiune \u0219i sprijin. Construirea de comunit\u0103\u021bi \u00een jurul modei poate duce la prietenii \u0219i colabor\u0103ri valoroase. Ceea ce ne delect\u0103m sau exprim\u0103m creeaz\u0103 coeziune cu ceilal\u021bi care \u00eemp\u0103rt\u0103\u0219esc acelea\u0219i interese.<\/p>\n<p>Implicarea \u00een comunit\u0103\u021bi de mod\u0103 poate oferi un sentiment de apartenen\u021b\u0103 \u0219i sprijin. Fie c\u0103 este vorba de evenimente locale de mod\u0103, forumuri online sau chiar re\u021bele sociale, aceste conexiuni joac\u0103 un rol semnificativ \u00een modul \u00een care ne sim\u021bim. Atunci c\u00e2nd oamenii se simt \u00eenconjura\u021bi de persoane cu acelea\u0219i idei, acest lucru poate fi un beneficiu uria\u0219 pentru s\u0103n\u0103tatea lor mintal\u0103. Comunitatea pe care o cre\u0103m ne ofer\u0103 puterea de a ne sprijini \u0219i \u00eencuraja reciproc. Acest lucru nu numai c\u0103 favorizeaz\u0103 o experien\u021b\u0103 pozitiv\u0103 cu moda, ci \u0219i cu noi \u00een\u0219ine.<\/p>\n<h2>Concluzie<\/h2>\n<p>\u00cen prim\u0103vara anului 2025, moda poate fi o for\u021b\u0103 puternic\u0103 pentru s\u0103n\u0103tatea mintal\u0103. Prin alegerea hainelor potrivite \u0219i prin interac\u021biunea cu comunit\u0103\u021bile, indivizii nu numai c\u0103 \u00ee\u0219i pot spori \u00eencrederea \u00een sine, dar \u00ee\u0219i pot \u00eembun\u0103t\u0103\u021bi \u0219i bun\u0103starea general\u0103. Combina\u021bia dintre exprimarea de sine, sustenabilitate \u0219i conexiune social\u0103 ne ofer\u0103 oportunitatea nu doar de a ne \u00eembr\u0103ca mai bine, ci \u0219i de a ne sim\u021bi mai bine. Aceast\u0103 schimbare \u00een modul de a ne implica \u00een mod\u0103 va avea un impact de durat\u0103 asupra vie\u021bilor noastre, deoarece dep\u0103\u0219e\u0219te stratul superficial al stilului \u0219i aspectului.<\/p>\n<h2>\u00centreb\u0103ri frecvente<\/h2>\n<ul>\n<li><strong>Cum poate moda s\u0103 stimuleze \u00eencrederea \u00een sine?<\/strong><br \/> Moda poate spori \u00eencrederea \u00een sine, ajut\u00e2nd oamenii s\u0103 se simt\u0103 mai bine \u00een leg\u0103tur\u0103 cu aspectul lor fizic \u0219i permi\u021b\u00e2ndu-le s\u0103-\u0219i exprime identitatea unic\u0103.<\/li>\n<li><strong>Care este rela\u021bia dintre sustenabilitatea \u00een mod\u0103 \u0219i s\u0103n\u0103tatea mintal\u0103?<\/strong><br \/> Sustenabilitatea \u00een mod\u0103 creeaz\u0103 un sentiment de responsabilitate \u0219i con\u0219tientizare, care, la r\u00e2ndul s\u0103u, poate avea un impact pozitiv asupra s\u0103n\u0103t\u0103\u021bii mintale a indivizilor.<\/li>\n<li><strong>Pot comunit\u0103\u021bile de mod\u0103 s\u0103 aib\u0103 beneficii pentru s\u0103n\u0103tate?<\/strong><br \/> Da, comunit\u0103\u021bile din domeniul modei ofer\u0103 sprijin \u0219i conexiune, ceea ce poate contribui la o mai bun\u0103 bun\u0103stare social\u0103 \u0219i la o s\u0103n\u0103tate mintal\u0103 \u00eembun\u0103t\u0103\u021bit\u0103.<\/li>\n<li><strong>Exist\u0103 dovezi \u0219tiin\u021bifice c\u0103 moda influen\u021beaz\u0103 emo\u021biile?<\/strong><br \/> Da, studiile au ar\u0103tat c\u0103 moda \u0219i alegerile vestimentare pot influen\u021ba emo\u021biile \u0219i percep\u021bia de sine, ceea ce, la r\u00e2ndul s\u0103u, afecteaz\u0103 s\u0103n\u0103tatea mintal\u0103.<\/li>\n<\/ul>","protected":false},"excerpt":{"rendered":"<p>\u00centr-o lume \u00een care s\u0103n\u0103tatea mintal\u0103 devine din ce \u00een ce mai important\u0103, moda poate juca un rol surprinz\u0103tor. Moda nu este doar o modalitate de a te exprima, ci poate avea \u0219i un impact semnificativ asupra st\u0103rii tale de spirit \u0219i a \u00eencrederii \u00een sine. \u00cen timp ce...<\/p>","protected":false},"author":1,"featured_media":199,"comment_status":"closed","ping_status":"closed","sticky":false,"template":"","format":"standard","meta":{"_acf_changed":false,"footnotes":""},"categories":[1],"tags":[],"class_list":["post-218","post","type-post","status-publish","format-standard","has-post-thumbnail","hentry","category-artikelen"],"acf":[],"yoast_head":"<!-- This site is optimized with the Yoast SEO plugin v23.2 - https:\/\/yoast.com\/wordpress\/plugins\/seo\/ -->\n<title>Hoe Mode de Mentale Gezondheid bevorderd in Voorjaar 2025: Stijl, Duurzaamheid en Sociale Verbindingen<\/title>\n<meta name=\"description\" content=\"Ontdek hoe mode in het voorjaar 2025 invloed heeft op zelfvertrouwen en mentale gezondheid, met focus op duurzaamheid en verbindingen.\" \/>\n<meta name=\"robots\" content=\"index, follow, max-snippet:-1, max-image-preview:large, max-video-preview:-1\" \/>\n<link rel=\"canonical\" href=\"https:\/\/hallo-venray.nl\/ro\/hoe-mode-de-mentale-gezondheid-kan-bevorderen-in-voorjaar-2025\/\" \/>\n<meta property=\"og:locale\" content=\"ro_RO\" \/>\n<meta property=\"og:type\" content=\"article\" \/>\n<meta property=\"og:title\" content=\"Hoe Mode de Mentale Gezondheid bevorderd in Voorjaar 2025: Stijl, Duurzaamheid en Sociale Verbindingen\" \/>\n<meta property=\"og:description\" content=\"Ontdek hoe mode in het voorjaar 2025 invloed heeft op zelfvertrouwen en mentale gezondheid, met focus op duurzaamheid en verbindingen.\" \/>\n<meta property=\"og:url\" content=\"https:\/\/hallo-venray.nl\/ro\/hoe-mode-de-mentale-gezondheid-kan-bevorderen-in-voorjaar-2025\/\" \/>\n<meta property=\"og:site_name\" content=\"hallo-venray.nl\" \/>\n<meta property=\"article:published_time\" content=\"2025-04-07T23:00:00+00:00\" \/>\n<meta property=\"og:image\" content=\"https:\/\/hallo-venray.nl\/wp-content\/uploads\/2025\/04\/image281d1e6d832e4d039e38554c53477600.png\" \/>\n\t<meta property=\"og:image:width\" content=\"1024\" \/>\n\t<meta property=\"og:image:height\" content=\"768\" \/>\n\t<meta property=\"og:image:type\" content=\"image\/png\" \/>\n<meta name=\"author\" content=\"Anna van der Zwaan\" \/>\n<meta name=\"twitter:card\" content=\"summary_large_image\" \/>\n<meta name=\"twitter:label1\" content=\"Scris de\" \/>\n\t<meta name=\"twitter:data1\" content=\"Anna van der Zwaan\" \/>\n\t<meta name=\"twitter:label2\" content=\"Timp estimat pentru citire\" \/>\n\t<meta name=\"twitter:data2\" content=\"5 minute\" \/>\n<script type=\"application\/ld+json\" class=\"yoast-schema-graph\">{\"@context\":\"https:\/\/schema.org\",\"@graph\":[{\"@type\":\"WebPage\",\"@id\":\"https:\/\/hallo-venray.nl\/hoe-mode-de-mentale-gezondheid-kan-bevorderen-in-voorjaar-2025\/\",\"url\":\"https:\/\/hallo-venray.nl\/hoe-mode-de-mentale-gezondheid-kan-bevorderen-in-voorjaar-2025\/\",\"name\":\"Hoe Mode de Mentale Gezondheid bevorderd in Voorjaar 2025: Stijl, Duurzaamheid en Sociale Verbindingen\",\"isPartOf\":{\"@id\":\"https:\/\/hallo-venray.nl\/#website\"},\"primaryImageOfPage\":{\"@id\":\"https:\/\/hallo-venray.nl\/hoe-mode-de-mentale-gezondheid-kan-bevorderen-in-voorjaar-2025\/#primaryimage\"},\"image\":{\"@id\":\"https:\/\/hallo-venray.nl\/hoe-mode-de-mentale-gezondheid-kan-bevorderen-in-voorjaar-2025\/#primaryimage\"},\"thumbnailUrl\":\"https:\/\/hallo-venray.nl\/wp-content\/uploads\/2025\/04\/image281d1e6d832e4d039e38554c53477600.png\",\"datePublished\":\"2025-04-07T23:00:00+00:00\",\"dateModified\":\"2025-04-07T23:00:00+00:00\",\"author\":{\"@id\":\"https:\/\/hallo-venray.nl\/#\/schema\/person\/a2695fe2114e3c4ea608b75f89511364\"},\"description\":\"Ontdek hoe mode in het voorjaar 2025 invloed heeft op zelfvertrouwen en mentale gezondheid, met focus op duurzaamheid en verbindingen.\",\"breadcrumb\":{\"@id\":\"https:\/\/hallo-venray.nl\/hoe-mode-de-mentale-gezondheid-kan-bevorderen-in-voorjaar-2025\/#breadcrumb\"},\"inLanguage\":\"ro-RO\",\"potentialAction\":[{\"@type\":\"ReadAction\",\"target\":[\"https:\/\/hallo-venray.nl\/hoe-mode-de-mentale-gezondheid-kan-bevorderen-in-voorjaar-2025\/\"]}]},{\"@type\":\"ImageObject\",\"inLanguage\":\"ro-RO\",\"@id\":\"https:\/\/hallo-venray.nl\/hoe-mode-de-mentale-gezondheid-kan-bevorderen-in-voorjaar-2025\/#primaryimage\",\"url\":\"https:\/\/hallo-venray.nl\/wp-content\/uploads\/2025\/04\/image281d1e6d832e4d039e38554c53477600.png\",\"contentUrl\":\"https:\/\/hallo-venray.nl\/wp-content\/uploads\/2025\/04\/image281d1e6d832e4d039e38554c53477600.png\",\"width\":1024,\"height\":768},{\"@type\":\"BreadcrumbList\",\"@id\":\"https:\/\/hallo-venray.nl\/hoe-mode-de-mentale-gezondheid-kan-bevorderen-in-voorjaar-2025\/#breadcrumb\",\"itemListElement\":[{\"@type\":\"ListItem\",\"position\":1,\"name\":\"Home\",\"item\":\"https:\/\/hallo-venray.nl\/\"},{\"@type\":\"ListItem\",\"position\":2,\"name\":\"Hoe mode de mentale gezondheid kan bevorderen in voorjaar 2025\"}]},{\"@type\":\"WebSite\",\"@id\":\"https:\/\/hallo-venray.nl\/#website\",\"url\":\"https:\/\/hallo-venray.nl\/\",\"name\":\"hallo-venray.nl\",\"description\":\"Alles over mode en kleding: trends, stijltips en must-haves voor jouw perfecte look\",\"potentialAction\":[{\"@type\":\"SearchAction\",\"target\":{\"@type\":\"EntryPoint\",\"urlTemplate\":\"https:\/\/hallo-venray.nl\/?s={search_term_string}\"},\"query-input\":\"required name=search_term_string\"}],\"inLanguage\":\"ro-RO\"},{\"@type\":\"Person\",\"@id\":\"https:\/\/hallo-venray.nl\/#\/schema\/person\/a2695fe2114e3c4ea608b75f89511364\",\"name\":\"Anna van der Zwaan\",\"image\":{\"@type\":\"ImageObject\",\"inLanguage\":\"ro-RO\",\"@id\":\"https:\/\/hallo-venray.nl\/#\/schema\/person\/image\/\",\"url\":\"https:\/\/hallo-venray.nl\/wp-content\/uploads\/2025\/02\/bnuwikbqed3_ad_avatar-96x96.jpg\",\"contentUrl\":\"https:\/\/hallo-venray.nl\/wp-content\/uploads\/2025\/02\/bnuwikbqed3_ad_avatar-96x96.jpg\",\"caption\":\"Anna van der Zwaan\"},\"description\":\"Ik ben Anna van der Zwaan, een mode-expert met meer dan 15 jaar ervaring als stylist en modejournalist. Mode is voor mij meer dan trends; het is een manier om jezelf te uiten en zelfvertrouwen uit te stralen. Via mijn artikelen deel ik trends, stijltips en inzichten om anderen te helpen hun eigen stijl te ontdekken.\",\"url\":\"https:\/\/hallo-venray.nl\/ro\/author\/anna-van-der-zwaan\/\"}]}<\/script>\n<!-- \/ Yoast SEO plugin. -->","yoast_head_json":{"title":"Hoe Mode de Mentale Gezondheid bevorderd in Voorjaar 2025: Stijl, Duurzaamheid en Sociale Verbindingen","description":"Ontdek hoe mode in het voorjaar 2025 invloed heeft op zelfvertrouwen en mentale gezondheid, met focus op duurzaamheid en verbindingen.","robots":{"index":"index","follow":"follow","max-snippet":"max-snippet:-1","max-image-preview":"max-image-preview:large","max-video-preview":"max-video-preview:-1"},"canonical":"https:\/\/hallo-venray.nl\/ro\/hoe-mode-de-mentale-gezondheid-kan-bevorderen-in-voorjaar-2025\/","og_locale":"ro_RO","og_type":"article","og_title":"Hoe Mode de Mentale Gezondheid bevorderd in Voorjaar 2025: Stijl, Duurzaamheid en Sociale Verbindingen","og_description":"Ontdek hoe mode in het voorjaar 2025 invloed heeft op zelfvertrouwen en mentale gezondheid, met focus op duurzaamheid en verbindingen.","og_url":"https:\/\/hallo-venray.nl\/ro\/hoe-mode-de-mentale-gezondheid-kan-bevorderen-in-voorjaar-2025\/","og_site_name":"hallo-venray.nl","article_published_time":"2025-04-07T23:00:00+00:00","og_image":[{"width":1024,"height":768,"url":"https:\/\/hallo-venray.nl\/wp-content\/uploads\/2025\/04\/image281d1e6d832e4d039e38554c53477600.png","type":"image\/png"}],"author":"Anna van der Zwaan","twitter_card":"summary_large_image","twitter_misc":{"Scris de":"Anna van der Zwaan","Timp estimat pentru citire":"5 minute"},"schema":{"@context":"https:\/\/schema.org","@graph":[{"@type":"WebPage","@id":"https:\/\/hallo-venray.nl\/hoe-mode-de-mentale-gezondheid-kan-bevorderen-in-voorjaar-2025\/","url":"https:\/\/hallo-venray.nl\/hoe-mode-de-mentale-gezondheid-kan-bevorderen-in-voorjaar-2025\/","name":"Hoe Mode de Mentale Gezondheid bevorderd in Voorjaar 2025: Stijl, Duurzaamheid en Sociale Verbindingen","isPartOf":{"@id":"https:\/\/hallo-venray.nl\/#website"},"primaryImageOfPage":{"@id":"https:\/\/hallo-venray.nl\/hoe-mode-de-mentale-gezondheid-kan-bevorderen-in-voorjaar-2025\/#primaryimage"},"image":{"@id":"https:\/\/hallo-venray.nl\/hoe-mode-de-mentale-gezondheid-kan-bevorderen-in-voorjaar-2025\/#primaryimage"},"thumbnailUrl":"https:\/\/hallo-venray.nl\/wp-content\/uploads\/2025\/04\/image281d1e6d832e4d039e38554c53477600.png","datePublished":"2025-04-07T23:00:00+00:00","dateModified":"2025-04-07T23:00:00+00:00","author":{"@id":"https:\/\/hallo-venray.nl\/#\/schema\/person\/a2695fe2114e3c4ea608b75f89511364"},"description":"Ontdek hoe mode in het voorjaar 2025 invloed heeft op zelfvertrouwen en mentale gezondheid, met focus op duurzaamheid en verbindingen.","breadcrumb":{"@id":"https:\/\/hallo-venray.nl\/hoe-mode-de-mentale-gezondheid-kan-bevorderen-in-voorjaar-2025\/#breadcrumb"},"inLanguage":"ro-RO","potentialAction":[{"@type":"ReadAction","target":["https:\/\/hallo-venray.nl\/hoe-mode-de-mentale-gezondheid-kan-bevorderen-in-voorjaar-2025\/"]}]},{"@type":"ImageObject","inLanguage":"ro-RO","@id":"https:\/\/hallo-venray.nl\/hoe-mode-de-mentale-gezondheid-kan-bevorderen-in-voorjaar-2025\/#primaryimage","url":"https:\/\/hallo-venray.nl\/wp-content\/uploads\/2025\/04\/image281d1e6d832e4d039e38554c53477600.png","contentUrl":"https:\/\/hallo-venray.nl\/wp-content\/uploads\/2025\/04\/image281d1e6d832e4d039e38554c53477600.png","width":1024,"height":768},{"@type":"BreadcrumbList","@id":"https:\/\/hallo-venray.nl\/hoe-mode-de-mentale-gezondheid-kan-bevorderen-in-voorjaar-2025\/#breadcrumb","itemListElement":[{"@type":"ListItem","position":1,"name":"Home","item":"https:\/\/hallo-venray.nl\/"},{"@type":"ListItem","position":2,"name":"Hoe mode de mentale gezondheid kan bevorderen in voorjaar 2025"}]},{"@type":"WebSite","@id":"https:\/\/hallo-venray.nl\/#website","url":"https:\/\/hallo-venray.nl\/","name":"hallo-venray.nl","description":"Alles over mode en kleding: trends, stijltips en must-haves voor jouw perfecte look","potentialAction":[{"@type":"SearchAction","target":{"@type":"EntryPoint","urlTemplate":"https:\/\/hallo-venray.nl\/?s={search_term_string}"},"query-input":"required name=search_term_string"}],"inLanguage":"ro-RO"},{"@type":"Person","@id":"https:\/\/hallo-venray.nl\/#\/schema\/person\/a2695fe2114e3c4ea608b75f89511364","name":"Anna van der Zwaan","image":{"@type":"ImageObject","inLanguage":"ro-RO","@id":"https:\/\/hallo-venray.nl\/#\/schema\/person\/image\/","url":"https:\/\/hallo-venray.nl\/wp-content\/uploads\/2025\/02\/bnuwikbqed3_ad_avatar-96x96.jpg","contentUrl":"https:\/\/hallo-venray.nl\/wp-content\/uploads\/2025\/02\/bnuwikbqed3_ad_avatar-96x96.jpg","caption":"Anna van der Zwaan"},"description":"Ik ben Anna van der Zwaan, een mode-expert met meer dan 15 jaar ervaring als stylist en modejournalist. Mode is voor mij meer dan trends; het is een manier om jezelf te uiten en zelfvertrouwen uit te stralen. Via mijn artikelen deel ik trends, stijltips en inzichten om anderen te helpen hun eigen stijl te ontdekken.","url":"https:\/\/hallo-venray.nl\/ro\/author\/anna-van-der-zwaan\/"}]}},"yoast_meta":{"yoast_wpseo_title":"","yoast_wpseo_metadesc":"","yoast_wpseo_canonical":"https:\/\/hallo-venray.nl\/ro\/wp-json\/wp\/v2\/posts\/218"},"_links":{"self":[{"href":"https:\/\/hallo-venray.nl\/ro\/wp-json\/wp\/v2\/posts\/218","targetHints":{"allow":["GET"]}}],"collection":[{"href":"https:\/\/hallo-venray.nl\/ro\/wp-json\/wp\/v2\/posts"}],"about":[{"href":"https:\/\/hallo-venray.nl\/ro\/wp-json\/wp\/v2\/types\/post"}],"author":[{"embeddable":true,"href":"https:\/\/hallo-venray.nl\/ro\/wp-json\/wp\/v2\/users\/1"}],"replies":[{"embeddable":true,"href":"https:\/\/hallo-venray.nl\/ro\/wp-json\/wp\/v2\/comments?post=218"}],"version-history":[{"count":0,"href":"https:\/\/hallo-venray.nl\/ro\/wp-json\/wp\/v2\/posts\/218\/revisions"}],"wp:featuredmedia":[{"embeddable":true,"href":"https:\/\/hallo-venray.nl\/ro\/wp-json\/wp\/v2\/media\/199"}],"wp:attachment":[{"href":"https:\/\/hallo-venray.nl\/ro\/wp-json\/wp\/v2\/media?parent=218"}],"wp:term":[{"taxonomy":"category","embeddable":true,"href":"https:\/\/hallo-venray.nl\/ro\/wp-json\/wp\/v2\/categories?post=218"},{"taxonomy":"post_tag","embeddable":true,"href":"https:\/\/hallo-venray.nl\/ro\/wp-json\/wp\/v2\/tags?post=218"}],"curies":[{"name":"wp","href":"https:\/\/api.w.org\/{rel}","templated":true}]}}