{"id":27,"date":"2025-01-22T00:00:00","date_gmt":"2025-01-22T00:00:00","guid":{"rendered":"https:\/\/hallo-venray.nl\/?p=27"},"modified":"2025-01-22T00:00:00","modified_gmt":"2025-01-22T00:00:00","slug":"de-impact-van-je-haarkleur-op-zakelijke-kledingkeuze","status":"publish","type":"post","link":"https:\/\/hallo-venray.nl\/ro\/de-impact-van-je-haarkleur-op-zakelijke-kledingkeuze\/","title":{"rendered":"Impactul culorii p\u0103rului asupra alegerii \u021binutei tale de afaceri"},"content":{"rendered":"<div class=\"kk-star-ratings kksr-auto kksr-align-left kksr-valign-top\"\n    data-payload='{&quot;align&quot;:&quot;left&quot;,&quot;id&quot;:&quot;27&quot;,&quot;slug&quot;:&quot;default&quot;,&quot;valign&quot;:&quot;top&quot;,&quot;ignore&quot;:&quot;&quot;,&quot;reference&quot;:&quot;auto&quot;,&quot;class&quot;:&quot;&quot;,&quot;count&quot;:&quot;0&quot;,&quot;legendonly&quot;:&quot;&quot;,&quot;readonly&quot;:&quot;&quot;,&quot;score&quot;:&quot;0&quot;,&quot;starsonly&quot;:&quot;&quot;,&quot;best&quot;:&quot;5&quot;,&quot;gap&quot;:&quot;5&quot;,&quot;greet&quot;:&quot;Rate this post&quot;,&quot;legend&quot;:&quot;0\\\/5 - (0 votes)&quot;,&quot;size&quot;:&quot;24&quot;,&quot;title&quot;:&quot;De impact van je haarkleur op zakelijke kledingkeuze&quot;,&quot;width&quot;:&quot;0&quot;,&quot;_legend&quot;:&quot;{score}\\\/{best} - ({count} {votes})&quot;,&quot;font_factor&quot;:&quot;1.25&quot;}'>\n            \n<div class=\"kksr-stars\">\n    \n<div class=\"kksr-stars-inactive\">\n            <div class=\"kksr-star\" data-star=\"1\" style=\"padding-right: 5px\">\n            \n\n<div class=\"kksr-icon\" style=\"width: 24px; height: 24px;\"><\/div>\n        <\/div>\n            <div class=\"kksr-star\" data-star=\"2\" style=\"padding-right: 5px\">\n            \n\n<div class=\"kksr-icon\" style=\"width: 24px; height: 24px;\"><\/div>\n        <\/div>\n            <div class=\"kksr-star\" data-star=\"3\" style=\"padding-right: 5px\">\n            \n\n<div class=\"kksr-icon\" style=\"width: 24px; height: 24px;\"><\/div>\n        <\/div>\n            <div class=\"kksr-star\" data-star=\"4\" style=\"padding-right: 5px\">\n            \n\n<div class=\"kksr-icon\" style=\"width: 24px; height: 24px;\"><\/div>\n        <\/div>\n            <div class=\"kksr-star\" data-star=\"5\" style=\"padding-right: 5px\">\n            \n\n<div class=\"kksr-icon\" style=\"width: 24px; height: 24px;\"><\/div>\n        <\/div>\n    <\/div>\n    \n<div class=\"kksr-stars-active\" style=\"width: 0px;\">\n            <div class=\"kksr-star\" style=\"padding-right: 5px\">\n            \n\n<div class=\"kksr-icon\" style=\"width: 24px; height: 24px;\"><\/div>\n        <\/div>\n            <div class=\"kksr-star\" style=\"padding-right: 5px\">\n            \n\n<div class=\"kksr-icon\" style=\"width: 24px; height: 24px;\"><\/div>\n        <\/div>\n            <div class=\"kksr-star\" style=\"padding-right: 5px\">\n            \n\n<div class=\"kksr-icon\" style=\"width: 24px; height: 24px;\"><\/div>\n        <\/div>\n            <div class=\"kksr-star\" style=\"padding-right: 5px\">\n            \n\n<div class=\"kksr-icon\" style=\"width: 24px; height: 24px;\"><\/div>\n        <\/div>\n            <div class=\"kksr-star\" style=\"padding-right: 5px\">\n            \n\n<div class=\"kksr-icon\" style=\"width: 24px; height: 24px;\"><\/div>\n        <\/div>\n    <\/div>\n<\/div>\n                \n\n<div class=\"kksr-legend\" style=\"font-size: 19.2px;\">\n            <span class=\"kksr-muted\">Evalueaz\u0103 aceast\u0103 postare<\/span>\n    <\/div>\n    <\/div>\n<p>Este fascinant cum micile detalii ale aspectului nostru, cum ar fi culoarea p\u0103rului, pot avea un impact uria\u0219 asupra aspectului nostru profesional. Mul\u021bi oameni subestimeaz\u0103 impactul pe care culoarea p\u0103rului \u00eel poate avea asupra interpret\u0103rii \u021binutei business. Alegerea unei anumite culori de p\u0103r dep\u0103\u0219e\u0219te preferin\u021bele estetice; atinge psihologia \u0219i modul \u00een care suntem percepu\u021bi de ceilal\u021bi. \u00centr-o lume \u00een care primele impresii sunt esen\u021biale, combina\u021bia dintre culoarea p\u0103rului \u0219i \u021binuta business poate determina modul \u00een care te v\u0103d colegii, clien\u021bii sau partenerii de afaceri. Acest articol ofer\u0103 o perspectiv\u0103 asupra semnifica\u021biei diferitelor culori de p\u0103r, asupra modului \u00een care acestea ne afecteaz\u0103 alegerea hainelor \u0219i ofer\u0103 sfaturi practice pentru crearea unei imagini armonioase \u0219i profesionale.<\/p>\n<p>Culoarea p\u0103rului nu afecteaz\u0103 doar modul \u00een care ne percepem pe noi \u00een\u0219ine, ci \u0219i modul \u00een care ne percep ceilal\u021bi. Un profesionist bine \u00eembr\u0103cat \u00eentr-un mediu corporativ trebuie s\u0103 fie con\u0219tient de modul \u00een care aceste elemente vizuale se \u00eembin\u0103. De la codurile vestimentare formale p\u00e2n\u0103 la mediul casual de birou, alegerea culorii p\u0103rului poate juca un rol semnificativ.<\/p>\n<h2>Psihologia culorii p\u0103rului<\/h2>\n<p><img decoding=\"async\" alt=\"Een jonge man in een blauw overhemd en grijs pak staat op een drukke straat in de stad tijdens de schemering.\" src=\"https:\/\/hallo-venray.nl\/wp-content\/uploads\/2025\/01\/imagec8cfdd93b81b41faa585a309ed9d69e6.png\"\/><\/p>\n<p>Culoarea p\u0103rului nu este doar o chestiune de mod\u0103; are o puternic\u0103 component\u0103 psihologic\u0103. Fiecare culoare de p\u0103r evoc\u0103 anumite asocieri \u0219i emo\u021bii, care reflect\u0103 modul \u00een care vrem s\u0103 ne prezent\u0103m pe noi \u00een\u0219ine \u0219i mediul \u00eenconjur\u0103tor. Arti\u0219tii \u0219i psihologii au studiat ani de zile ce culori transmit un anumit mesaj. \u00cen plus, exist\u0103 studii care arat\u0103 c\u0103 persoanele cu culori diferite de p\u0103r sunt abordate \u0219i tratate \u00een moduri diferite. Acest lucru face ca alegerea culorii p\u0103rului s\u0103 fie nu doar personal\u0103, ci \u0219i strategic\u0103 \u00eentr-un context profesional.<\/p>\n<p>Iat\u0103 c\u00e2teva culori de p\u0103r comune \u0219i asocierile pe care le evoc\u0103 adesea:<\/p>\n<ul>\n<li><strong>Blond:<\/strong> Un aspect proasp\u0103t \u0219i accesibil.<\/li>\n<li><strong>Brunet\u0103:<\/strong> Adesea asociat cu stabilitatea \u0219i fiabilitatea.<\/li>\n<li><strong>Ro\u015fu:<\/strong> O culoare puternic\u0103 care sugereaz\u0103 pasiune \u0219i creativitate.<\/li>\n<li><strong>Gri\/Alb:<\/strong> Culoarea \u00een\u021belepciunii \u0219i a experien\u021bei.<\/li>\n<\/ul>\n<h2>Culoarea p\u0103rului \u0219i codurile vestimentare de afaceri<\/h2>\n<p><img decoding=\"async\" alt=\"Een vrouw met een bloemenpatroon op haar jurk kijkt om terwijl anderen aan hun laptops werken in een moderne kantooromgeving.\" src=\"https:\/\/hallo-venray.nl\/wp-content\/uploads\/2025\/01\/image04f1c73ba24d4da08fec76e8612f2aad.png\"\/><\/p>\n<p>Tipul de culoare a p\u0103rului pe care \u00eel alegi poate influen\u021ba \u0219i modul \u00een care te \u00eembraci \u00eentr-un mediu de afaceri. Angajatorii au adesea a\u0219tept\u0103ri c\u00e2nd vine vorba de codurile vestimentare, care pot varia de la cele formale la cele casual. \u00cen mediile formale, cum ar fi institu\u021biile juridice sau financiare, este recomandabil s\u0103 alegi culori \u0219i stiluri clasice care s\u0103 corespund\u0103 a\u0219tept\u0103rilor, \u00een func\u021bie de culoarea p\u0103rului t\u0103u. Pe de alt\u0103 parte, mediile de lucru casual ofer\u0103 mai mult spa\u021biu pentru creativitate, permi\u021b\u00e2ndu-\u021bi s\u0103 faci o alegere vestimentar\u0103 mai variat\u0103 \u00een func\u021bie de nuan\u021ba culorii p\u0103rului t\u0103u.<\/p>\n<p>Iat\u0103 cum culoarea p\u0103rului \u00ee\u021bi poate afecta alegerile vestimentare, \u00een func\u021bie de codul vestimentar:<\/p>\n<table border=\"1\">\n<tr>\n<th>Mediu<\/th>\n<th>Stil<\/th>\n<th>Alegerea culorii<\/th>\n<\/tr>\n<tr>\n<td>Formal<\/td>\n<td>\u021ainute clasice \u0219i conservatoare<\/td>\n<td>Culori neutre precum negru, gri \u0219i bleumarin<\/td>\n<\/tr>\n<tr>\n<td>Informal<\/td>\n<td>\u00cembr\u0103c\u0103minte casual \u0219i la mod\u0103<\/td>\n<td>Culori str\u0103lucitoare \u0219i modele unice<\/td>\n<\/tr>\n<\/table>\n<p>Alegerea \u021binutelor vestimentare \u00een contexte mai formale necesit\u0103 o g\u00e2ndire mai atent\u0103 la modul \u00een care culoarea p\u0103rului t\u0103u poate completa aspectul general. Lu\u00e2nd \u00een considerare culoarea p\u0103rului t\u0103u, po\u021bi crea o coeren\u021b\u0103 \u00een prezentarea ta care nu numai c\u0103 atrage aten\u021bia, dar \u0219i consolideaz\u0103 imaginea pe care vrei s\u0103 o proiectezi.<\/p>\n<h2>Sfaturi pentru asortarea culorii p\u0103rului cu \u021binuta business<\/h2>\n<p>Exist\u0103 mai multe modalit\u0103\u021bi de a asorta culoarea p\u0103rului cu o \u021binut\u0103 business pentru un aspect profesional. O schem\u0103 de culori bun\u0103 poate face toat\u0103 diferen\u021ba \u00een modul \u00een care perceapi \u00een fa\u021ba celorlal\u021bi. Este esen\u021bial s\u0103 \u0219tii ce culori se potrivesc cel mai bine cu culoarea ta specific\u0103 a p\u0103rului. G\u00e2ndirea la combina\u021bii potrivite poate fi foarte util\u0103. Iat\u0103 c\u00e2teva sfaturi despre cum s\u0103 faci acest lucru:<\/p>\n<p>Atunci c\u00e2nd alege\u021bi o \u021binut\u0103 business, lua\u021bi \u00een considerare urm\u0103toarele scheme de culori:<\/p>\n<ul>\n<li><strong>Culori neutre:<\/strong> Negrul, albul, griul \u0219i bejul se potrivesc bine cu aproape orice culoare de p\u0103r.<\/li>\n<li><strong>Culori de accent:<\/strong> Folose\u0219te culoarea p\u0103rului ca baz\u0103 pentru a alege culori de accent care o completeaz\u0103.<\/li>\n<li><strong>Culori contrastante:<\/strong> Experimenteaz\u0103 cu culori contrastante pentru a-\u021bi accentua stilul.<\/li>\n<\/ul>\n<h2>Diferen\u021be culturale \u00een percep\u021bia culorii p\u0103rului<\/h2>\n<p>\u00cen plus, normele \u0219i valorile culturale pot influen\u021ba modul \u00een care sunt percepute diferite culori de p\u0103r, ceea ce afecteaz\u0103 \u0219i alegerile vestimentare business. \u00cen unele culturi, o anumit\u0103 culoare de p\u0103r este asociat\u0103 cu valori sau calit\u0103\u021bi specifice. Drept urmare, o culoare de p\u0103r poate fi foarte apreciat\u0103 \u00eentr-un anumit context \u0219i mai pu\u021bin profesional\u0103 \u00een altul. Este \u00eentotdeauna important s\u0103 se ia \u00een considerare acest context cultural, mai ales \u00eentr-un loc de munc\u0103 din ce \u00een ce mai divers.<\/p>\n<h2>Concluzie<\/h2>\n<p>Alegerea culorii p\u0103rului are un impact clar asupra modului \u00een care este perceput\u0103 \u021binuta ta business. Este esen\u021bial s\u0103 fii con\u0219tient de acest impact \u0219i s\u0103-\u021bi adaptezi alegerile \u00een consecin\u021b\u0103. G\u0103sirea unui echilibru \u00eentre exprimarea personal\u0103 \u0219i aspectul profesional este esen\u021bial\u0103. Integrarea culorii p\u0103rului \u00een strategia ta vestimentar\u0103 general\u0103 poate \u00eembun\u0103t\u0103\u021bi semnificativ modul \u00een care e\u0219ti perceput. \u00cen\u021beleg\u00e2nd diferitele aspecte ale culorii p\u0103rului \u0219i alegerii \u021binutei business, po\u021bi face o impresie puternic\u0103 \u0219i \u00eencrez\u0103toare \u00een orice context profesional.<\/p>\n<h2>\u00centreb\u0103ri frecvente<\/h2>\n<ul>\n<li><strong>Cum \u00eemi afecteaz\u0103 culoarea p\u0103rului percep\u021bia celorlal\u021bi?<\/strong> Culoarea p\u0103rului poate da impresia anumitor calit\u0103\u021bi precum profesionalismul, creativitatea sau fiabilitatea. <\/li>\n<li><strong>Pot s\u0103 asortez toate \u021binutele mele business cu culoarea p\u0103rului meu?<\/strong> Da, este important s\u0103 alegi haine care s\u0103 completeze \u0219i s\u0103 pun\u0103 \u00een valoare culoarea p\u0103rului t\u0103u, cre\u00e2nd un \u00eentreg armonios. <\/li>\n<li><strong>Exist\u0103 culori de p\u0103r care se potrivesc mai bine cu o \u021binut\u0103 business casual?<\/strong> Da, culorile de p\u0103r deschise, cum ar fi \u0219atenul castaniu sau \u0219uvi\u021bele, func\u021bioneaz\u0103 adesea bine \u00eentr-un mediu business casual. <\/li>\n<li><strong>Cum pot s\u0103-mi schimb culoarea p\u0103rului f\u0103r\u0103 s\u0103 fac o schimbare major\u0103?<\/strong> Ia \u00een considerare \u0219uvi\u021be subtile sau balayage pentru a crea un look nou, f\u0103r\u0103 schimb\u0103ri drastice. <\/li>\n<\/ul>","protected":false},"excerpt":{"rendered":"<p>Este fascinant cum micile detalii ale aspectului nostru, precum culoarea p\u0103rului, pot avea un impact uria\u0219 asupra aspectului nostru profesional. Mul\u021bi oameni subestimeaz\u0103 impactul pe care culoarea p\u0103rului \u00eel poate avea asupra interpret\u0103rii \u021binutei business. Alegerea unei anumite culori de p\u0103r...<\/p>","protected":false},"author":1,"featured_media":14,"comment_status":"open","ping_status":"open","sticky":false,"template":"","format":"standard","meta":{"_acf_changed":false,"footnotes":""},"categories":[1],"tags":[],"class_list":["post-27","post","type-post","status-publish","format-standard","has-post-thumbnail","hentry","category-artikelen"],"acf":[],"yoast_head":"<!-- This site is optimized with the Yoast SEO plugin v23.2 - https:\/\/yoast.com\/wordpress\/plugins\/seo\/ -->\n<title>De Impact van Je Haarkleur op Zakelijke Kledingkeuze: Tips en Inzichten<\/title>\n<meta name=\"description\" content=\"Ontdek hoe haarkleur jouw kledingkeuze be\u00efnvloedt en leer waardevolle tips voor een professionele uitstraling in elke zakelijke omgeving.\" \/>\n<meta name=\"robots\" content=\"index, follow, max-snippet:-1, max-image-preview:large, max-video-preview:-1\" \/>\n<link rel=\"canonical\" href=\"https:\/\/hallo-venray.nl\/ro\/de-impact-van-je-haarkleur-op-zakelijke-kledingkeuze\/\" \/>\n<meta property=\"og:locale\" content=\"ro_RO\" \/>\n<meta property=\"og:type\" content=\"article\" \/>\n<meta property=\"og:title\" content=\"De Impact van Je Haarkleur op Zakelijke Kledingkeuze: Tips en Inzichten\" \/>\n<meta property=\"og:description\" content=\"Ontdek hoe haarkleur jouw kledingkeuze be\u00efnvloedt en leer waardevolle tips voor een professionele uitstraling in elke zakelijke omgeving.\" \/>\n<meta property=\"og:url\" content=\"https:\/\/hallo-venray.nl\/ro\/de-impact-van-je-haarkleur-op-zakelijke-kledingkeuze\/\" \/>\n<meta property=\"og:site_name\" content=\"hallo-venray.nl\" \/>\n<meta property=\"article:published_time\" content=\"2025-01-22T00:00:00+00:00\" \/>\n<meta property=\"og:image\" content=\"https:\/\/hallo-venray.nl\/wp-content\/uploads\/2025\/01\/imagec19089cd83e54589bce46bd8f2497f1e.png\" \/>\n\t<meta property=\"og:image:width\" content=\"1024\" \/>\n\t<meta property=\"og:image:height\" content=\"768\" \/>\n\t<meta property=\"og:image:type\" content=\"image\/png\" \/>\n<meta name=\"author\" content=\"Anna van der Zwaan\" \/>\n<meta name=\"twitter:card\" content=\"summary_large_image\" \/>\n<meta name=\"twitter:label1\" content=\"Scris de\" \/>\n\t<meta name=\"twitter:data1\" content=\"Anna van der Zwaan\" \/>\n\t<meta name=\"twitter:label2\" content=\"Timp estimat pentru citire\" \/>\n\t<meta name=\"twitter:data2\" content=\"4 minute\" \/>\n<script type=\"application\/ld+json\" class=\"yoast-schema-graph\">{\"@context\":\"https:\/\/schema.org\",\"@graph\":[{\"@type\":\"WebPage\",\"@id\":\"https:\/\/hallo-venray.nl\/de-impact-van-je-haarkleur-op-zakelijke-kledingkeuze\/\",\"url\":\"https:\/\/hallo-venray.nl\/de-impact-van-je-haarkleur-op-zakelijke-kledingkeuze\/\",\"name\":\"De Impact van Je Haarkleur op Zakelijke Kledingkeuze: Tips en Inzichten\",\"isPartOf\":{\"@id\":\"https:\/\/hallo-venray.nl\/#website\"},\"primaryImageOfPage\":{\"@id\":\"https:\/\/hallo-venray.nl\/de-impact-van-je-haarkleur-op-zakelijke-kledingkeuze\/#primaryimage\"},\"image\":{\"@id\":\"https:\/\/hallo-venray.nl\/de-impact-van-je-haarkleur-op-zakelijke-kledingkeuze\/#primaryimage\"},\"thumbnailUrl\":\"https:\/\/hallo-venray.nl\/wp-content\/uploads\/2025\/01\/imagec19089cd83e54589bce46bd8f2497f1e.png\",\"datePublished\":\"2025-01-22T00:00:00+00:00\",\"dateModified\":\"2025-01-22T00:00:00+00:00\",\"author\":{\"@id\":\"https:\/\/hallo-venray.nl\/#\/schema\/person\/a2695fe2114e3c4ea608b75f89511364\"},\"description\":\"Ontdek hoe haarkleur jouw kledingkeuze be\u00efnvloedt en leer waardevolle tips voor een professionele uitstraling in elke zakelijke omgeving.\",\"breadcrumb\":{\"@id\":\"https:\/\/hallo-venray.nl\/de-impact-van-je-haarkleur-op-zakelijke-kledingkeuze\/#breadcrumb\"},\"inLanguage\":\"ro-RO\",\"potentialAction\":[{\"@type\":\"ReadAction\",\"target\":[\"https:\/\/hallo-venray.nl\/de-impact-van-je-haarkleur-op-zakelijke-kledingkeuze\/\"]}]},{\"@type\":\"ImageObject\",\"inLanguage\":\"ro-RO\",\"@id\":\"https:\/\/hallo-venray.nl\/de-impact-van-je-haarkleur-op-zakelijke-kledingkeuze\/#primaryimage\",\"url\":\"https:\/\/hallo-venray.nl\/wp-content\/uploads\/2025\/01\/imagec19089cd83e54589bce46bd8f2497f1e.png\",\"contentUrl\":\"https:\/\/hallo-venray.nl\/wp-content\/uploads\/2025\/01\/imagec19089cd83e54589bce46bd8f2497f1e.png\",\"width\":1024,\"height\":768},{\"@type\":\"BreadcrumbList\",\"@id\":\"https:\/\/hallo-venray.nl\/de-impact-van-je-haarkleur-op-zakelijke-kledingkeuze\/#breadcrumb\",\"itemListElement\":[{\"@type\":\"ListItem\",\"position\":1,\"name\":\"Home\",\"item\":\"https:\/\/hallo-venray.nl\/\"},{\"@type\":\"ListItem\",\"position\":2,\"name\":\"De impact van je haarkleur op zakelijke kledingkeuze\"}]},{\"@type\":\"WebSite\",\"@id\":\"https:\/\/hallo-venray.nl\/#website\",\"url\":\"https:\/\/hallo-venray.nl\/\",\"name\":\"hallo-venray.nl\",\"description\":\"Alles over mode en kleding: trends, stijltips en must-haves voor jouw perfecte look\",\"potentialAction\":[{\"@type\":\"SearchAction\",\"target\":{\"@type\":\"EntryPoint\",\"urlTemplate\":\"https:\/\/hallo-venray.nl\/?s={search_term_string}\"},\"query-input\":\"required name=search_term_string\"}],\"inLanguage\":\"ro-RO\"},{\"@type\":\"Person\",\"@id\":\"https:\/\/hallo-venray.nl\/#\/schema\/person\/a2695fe2114e3c4ea608b75f89511364\",\"name\":\"Anna van der Zwaan\",\"image\":{\"@type\":\"ImageObject\",\"inLanguage\":\"ro-RO\",\"@id\":\"https:\/\/hallo-venray.nl\/#\/schema\/person\/image\/\",\"url\":\"https:\/\/hallo-venray.nl\/wp-content\/uploads\/2025\/02\/bnuwikbqed3_ad_avatar-96x96.jpg\",\"contentUrl\":\"https:\/\/hallo-venray.nl\/wp-content\/uploads\/2025\/02\/bnuwikbqed3_ad_avatar-96x96.jpg\",\"caption\":\"Anna van der Zwaan\"},\"description\":\"Ik ben Anna van der Zwaan, een mode-expert met meer dan 15 jaar ervaring als stylist en modejournalist. Mode is voor mij meer dan trends; het is een manier om jezelf te uiten en zelfvertrouwen uit te stralen. Via mijn artikelen deel ik trends, stijltips en inzichten om anderen te helpen hun eigen stijl te ontdekken.\",\"url\":\"https:\/\/hallo-venray.nl\/ro\/author\/anna-van-der-zwaan\/\"}]}<\/script>\n<!-- \/ Yoast SEO plugin. -->","yoast_head_json":{"title":"De Impact van Je Haarkleur op Zakelijke Kledingkeuze: Tips en Inzichten","description":"Ontdek hoe haarkleur jouw kledingkeuze be\u00efnvloedt en leer waardevolle tips voor een professionele uitstraling in elke zakelijke omgeving.","robots":{"index":"index","follow":"follow","max-snippet":"max-snippet:-1","max-image-preview":"max-image-preview:large","max-video-preview":"max-video-preview:-1"},"canonical":"https:\/\/hallo-venray.nl\/ro\/de-impact-van-je-haarkleur-op-zakelijke-kledingkeuze\/","og_locale":"ro_RO","og_type":"article","og_title":"De Impact van Je Haarkleur op Zakelijke Kledingkeuze: Tips en Inzichten","og_description":"Ontdek hoe haarkleur jouw kledingkeuze be\u00efnvloedt en leer waardevolle tips voor een professionele uitstraling in elke zakelijke omgeving.","og_url":"https:\/\/hallo-venray.nl\/ro\/de-impact-van-je-haarkleur-op-zakelijke-kledingkeuze\/","og_site_name":"hallo-venray.nl","article_published_time":"2025-01-22T00:00:00+00:00","og_image":[{"width":1024,"height":768,"url":"https:\/\/hallo-venray.nl\/wp-content\/uploads\/2025\/01\/imagec19089cd83e54589bce46bd8f2497f1e.png","type":"image\/png"}],"author":"Anna van der Zwaan","twitter_card":"summary_large_image","twitter_misc":{"Scris de":"Anna van der Zwaan","Timp estimat pentru citire":"4 minute"},"schema":{"@context":"https:\/\/schema.org","@graph":[{"@type":"WebPage","@id":"https:\/\/hallo-venray.nl\/de-impact-van-je-haarkleur-op-zakelijke-kledingkeuze\/","url":"https:\/\/hallo-venray.nl\/de-impact-van-je-haarkleur-op-zakelijke-kledingkeuze\/","name":"De Impact van Je Haarkleur op Zakelijke Kledingkeuze: Tips en Inzichten","isPartOf":{"@id":"https:\/\/hallo-venray.nl\/#website"},"primaryImageOfPage":{"@id":"https:\/\/hallo-venray.nl\/de-impact-van-je-haarkleur-op-zakelijke-kledingkeuze\/#primaryimage"},"image":{"@id":"https:\/\/hallo-venray.nl\/de-impact-van-je-haarkleur-op-zakelijke-kledingkeuze\/#primaryimage"},"thumbnailUrl":"https:\/\/hallo-venray.nl\/wp-content\/uploads\/2025\/01\/imagec19089cd83e54589bce46bd8f2497f1e.png","datePublished":"2025-01-22T00:00:00+00:00","dateModified":"2025-01-22T00:00:00+00:00","author":{"@id":"https:\/\/hallo-venray.nl\/#\/schema\/person\/a2695fe2114e3c4ea608b75f89511364"},"description":"Ontdek hoe haarkleur jouw kledingkeuze be\u00efnvloedt en leer waardevolle tips voor een professionele uitstraling in elke zakelijke omgeving.","breadcrumb":{"@id":"https:\/\/hallo-venray.nl\/de-impact-van-je-haarkleur-op-zakelijke-kledingkeuze\/#breadcrumb"},"inLanguage":"ro-RO","potentialAction":[{"@type":"ReadAction","target":["https:\/\/hallo-venray.nl\/de-impact-van-je-haarkleur-op-zakelijke-kledingkeuze\/"]}]},{"@type":"ImageObject","inLanguage":"ro-RO","@id":"https:\/\/hallo-venray.nl\/de-impact-van-je-haarkleur-op-zakelijke-kledingkeuze\/#primaryimage","url":"https:\/\/hallo-venray.nl\/wp-content\/uploads\/2025\/01\/imagec19089cd83e54589bce46bd8f2497f1e.png","contentUrl":"https:\/\/hallo-venray.nl\/wp-content\/uploads\/2025\/01\/imagec19089cd83e54589bce46bd8f2497f1e.png","width":1024,"height":768},{"@type":"BreadcrumbList","@id":"https:\/\/hallo-venray.nl\/de-impact-van-je-haarkleur-op-zakelijke-kledingkeuze\/#breadcrumb","itemListElement":[{"@type":"ListItem","position":1,"name":"Home","item":"https:\/\/hallo-venray.nl\/"},{"@type":"ListItem","position":2,"name":"De impact van je haarkleur op zakelijke kledingkeuze"}]},{"@type":"WebSite","@id":"https:\/\/hallo-venray.nl\/#website","url":"https:\/\/hallo-venray.nl\/","name":"hallo-venray.nl","description":"Alles over mode en kleding: trends, stijltips en must-haves voor jouw perfecte look","potentialAction":[{"@type":"SearchAction","target":{"@type":"EntryPoint","urlTemplate":"https:\/\/hallo-venray.nl\/?s={search_term_string}"},"query-input":"required name=search_term_string"}],"inLanguage":"ro-RO"},{"@type":"Person","@id":"https:\/\/hallo-venray.nl\/#\/schema\/person\/a2695fe2114e3c4ea608b75f89511364","name":"Anna van der Zwaan","image":{"@type":"ImageObject","inLanguage":"ro-RO","@id":"https:\/\/hallo-venray.nl\/#\/schema\/person\/image\/","url":"https:\/\/hallo-venray.nl\/wp-content\/uploads\/2025\/02\/bnuwikbqed3_ad_avatar-96x96.jpg","contentUrl":"https:\/\/hallo-venray.nl\/wp-content\/uploads\/2025\/02\/bnuwikbqed3_ad_avatar-96x96.jpg","caption":"Anna van der Zwaan"},"description":"Ik ben Anna van der Zwaan, een mode-expert met meer dan 15 jaar ervaring als stylist en modejournalist. Mode is voor mij meer dan trends; het is een manier om jezelf te uiten en zelfvertrouwen uit te stralen. Via mijn artikelen deel ik trends, stijltips en inzichten om anderen te helpen hun eigen stijl te ontdekken.","url":"https:\/\/hallo-venray.nl\/ro\/author\/anna-van-der-zwaan\/"}]}},"yoast_meta":{"yoast_wpseo_title":"","yoast_wpseo_metadesc":"","yoast_wpseo_canonical":"https:\/\/hallo-venray.nl\/ro\/wp-json\/wp\/v2\/posts\/27"},"_links":{"self":[{"href":"https:\/\/hallo-venray.nl\/ro\/wp-json\/wp\/v2\/posts\/27","targetHints":{"allow":["GET"]}}],"collection":[{"href":"https:\/\/hallo-venray.nl\/ro\/wp-json\/wp\/v2\/posts"}],"about":[{"href":"https:\/\/hallo-venray.nl\/ro\/wp-json\/wp\/v2\/types\/post"}],"author":[{"embeddable":true,"href":"https:\/\/hallo-venray.nl\/ro\/wp-json\/wp\/v2\/users\/1"}],"replies":[{"embeddable":true,"href":"https:\/\/hallo-venray.nl\/ro\/wp-json\/wp\/v2\/comments?post=27"}],"version-history":[{"count":1,"href":"https:\/\/hallo-venray.nl\/ro\/wp-json\/wp\/v2\/posts\/27\/revisions"}],"predecessor-version":[{"id":30,"href":"https:\/\/hallo-venray.nl\/ro\/wp-json\/wp\/v2\/posts\/27\/revisions\/30"}],"wp:featuredmedia":[{"embeddable":true,"href":"https:\/\/hallo-venray.nl\/ro\/wp-json\/wp\/v2\/media\/14"}],"wp:attachment":[{"href":"https:\/\/hallo-venray.nl\/ro\/wp-json\/wp\/v2\/media?parent=27"}],"wp:term":[{"taxonomy":"category","embeddable":true,"href":"https:\/\/hallo-venray.nl\/ro\/wp-json\/wp\/v2\/categories?post=27"},{"taxonomy":"post_tag","embeddable":true,"href":"https:\/\/hallo-venray.nl\/ro\/wp-json\/wp\/v2\/tags?post=27"}],"curies":[{"name":"wp","href":"https:\/\/api.w.org\/{rel}","templated":true}]}}